{"id":1436,"date":"2026-02-18T17:19:28","date_gmt":"2026-02-18T17:19:28","guid":{"rendered":"https:\/\/cuzama.gob.mx\/?p=1436"},"modified":"2026-02-18T17:19:28","modified_gmt":"2026-02-18T17:19:28","slug":"coronacion-de-reyes-del-carnaval-circus-cuzama-2026","status":"publish","type":"post","link":"https:\/\/cuzama.gob.mx\/index.php\/2026\/02\/18\/coronacion-de-reyes-del-carnaval-circus-cuzama-2026\/","title":{"rendered":"Coronaci\u00f3n de reyes del \u00abCarnaval Circus Cuzam\u00e1 2026\u00bb."},"content":{"rendered":"<div id='gallery-1' class='gallery galleryid-1436 gallery-columns-6 gallery-size-thumbnail'><figure class='gallery-item'>\n\t\t\t<div class='gallery-icon landscape'>\n\t\t\t\t<a href='https:\/\/cuzama.gob.mx\/wp-content\/uploads\/2026\/02\/632023674_122253646886088687_3147931926803253381_n.jpg'><img loading=\"lazy\" decoding=\"async\" width=\"150\" height=\"150\" src=\"https:\/\/cuzama.gob.mx\/wp-content\/uploads\/2026\/02\/632023674_122253646886088687_3147931926803253381_n-150x150.jpg\" class=\"attachment-thumbnail size-thumbnail\" alt=\"\" \/><\/a>\n\t\t\t<\/div><\/figure><figure class='gallery-item'>\n\t\t\t<div class='gallery-icon landscape'>\n\t\t\t\t<a href='https:\/\/cuzama.gob.mx\/wp-content\/uploads\/2026\/02\/632112685_122253647300088687_6598403417432992826_n.jpg'><img loading=\"lazy\" decoding=\"async\" width=\"150\" height=\"150\" src=\"https:\/\/cuzama.gob.mx\/wp-content\/uploads\/2026\/02\/632112685_122253647300088687_6598403417432992826_n-150x150.jpg\" class=\"attachment-thumbnail size-thumbnail\" alt=\"\" \/><\/a>\n\t\t\t<\/div><\/figure><figure class='gallery-item'>\n\t\t\t<div class='gallery-icon landscape'>\n\t\t\t\t<a href='https:\/\/cuzama.gob.mx\/wp-content\/uploads\/2026\/02\/632731036_122253647438088687_7732124784861668790_n.jpg'><img loading=\"lazy\" decoding=\"async\" width=\"150\" height=\"150\" src=\"https:\/\/cuzama.gob.mx\/wp-content\/uploads\/2026\/02\/632731036_122253647438088687_7732124784861668790_n-150x150.jpg\" class=\"attachment-thumbnail size-thumbnail\" alt=\"\" \/><\/a>\n\t\t\t<\/div><\/figure><figure class='gallery-item'>\n\t\t\t<div class='gallery-icon portrait'>\n\t\t\t\t<a href='https:\/\/cuzama.gob.mx\/wp-content\/uploads\/2026\/02\/632842482_122253647414088687_5464146683002549045_n.jpg'><img loading=\"lazy\" decoding=\"async\" width=\"150\" height=\"150\" src=\"https:\/\/cuzama.gob.mx\/wp-content\/uploads\/2026\/02\/632842482_122253647414088687_5464146683002549045_n-150x150.jpg\" class=\"attachment-thumbnail size-thumbnail\" alt=\"\" \/><\/a>\n\t\t\t<\/div><\/figure><figure class='gallery-item'>\n\t\t\t<div class='gallery-icon landscape'>\n\t\t\t\t<a href='https:\/\/cuzama.gob.mx\/wp-content\/uploads\/2026\/02\/634033396_122253647066088687_6889611445799266028_n.jpg'><img loading=\"lazy\" decoding=\"async\" width=\"150\" height=\"150\" src=\"https:\/\/cuzama.gob.mx\/wp-content\/uploads\/2026\/02\/634033396_122253647066088687_6889611445799266028_n-150x150.jpg\" class=\"attachment-thumbnail size-thumbnail\" alt=\"\" \/><\/a>\n\t\t\t<\/div><\/figure><figure class='gallery-item'>\n\t\t\t<div class='gallery-icon portrait'>\n\t\t\t\t<a href='https:\/\/cuzama.gob.mx\/wp-content\/uploads\/2026\/02\/635130219_122253647378088687_2196327195809348709_n.jpg'><img loading=\"lazy\" decoding=\"async\" width=\"150\" height=\"150\" src=\"https:\/\/cuzama.gob.mx\/wp-content\/uploads\/2026\/02\/635130219_122253647378088687_2196327195809348709_n-150x150.jpg\" class=\"attachment-thumbnail size-thumbnail\" alt=\"\" \/><\/a>\n\t\t\t<\/div><\/figure>\n\t\t<\/div>\n\n<div dir=\"auto\">Con las familias reunidas, sonriendo y disfrutando en grande celebramos la Coronaci\u00f3n de los Reyes del Carnaval Circus Cuzam\u00e1 2026. <span class=\"html-span xexx8yu xyri2b x18d9i69 x1c1uobl x1hl2dhg x16tdsg8 x1vvkbs x3nfvp2 x1j61x8r x1fcty0u xdj266r xat24cr xm2jcoa x1mpyi22 xxymvpz xlup9mm x1kky2od\"><img loading=\"lazy\" decoding=\"async\" class=\"xz74otr x15mokao x1ga7v0g x16uus16 xbiv7yw\" src=\"https:\/\/static.xx.fbcdn.net\/images\/emoji.php\/v9\/t21\/1\/16\/1f939_1f3fc_200d_2640.png\" alt=\"\ud83e\udd39\ud83c\udffc\u200d\u2640\ufe0f\" width=\"16\" height=\"16\" \/><\/span><span class=\"html-span xexx8yu xyri2b x18d9i69 x1c1uobl x1hl2dhg x16tdsg8 x1vvkbs x3nfvp2 x1j61x8r x1fcty0u xdj266r xat24cr xm2jcoa x1mpyi22 xxymvpz xlup9mm x1kky2od\"><img loading=\"lazy\" decoding=\"async\" class=\"xz74otr x15mokao x1ga7v0g x16uus16 xbiv7yw\" src=\"https:\/\/static.xx.fbcdn.net\/images\/emoji.php\/v9\/t2b\/1\/16\/1f3aa.png\" alt=\"\ud83c\udfaa\" width=\"16\" height=\"16\" \/><\/span><\/div>\n<div dir=\"auto\">Este momento se llen\u00f3 de alegr\u00eda, m\u00fasica y color, este acto marca una de las noches m\u00e1s especiales del Carnaval de <span class=\"html-span xdj266r x14z9mp xat24cr x1lziwak xexx8yu xyri2b x18d9i69 x1c1uobl x1hl2dhg x16tdsg8 x1vvkbs\"><a class=\"x1i10hfl xjbqb8w x1ejq31n x18oe1m7 x1sy0etr xstzfhl x972fbf x10w94by x1qhh985 x14e42zd x9f619 x1ypdohk xt0psk2 x3ct3a4 xdj266r x14z9mp xat24cr x1lziwak xexx8yu xyri2b x18d9i69 x1c1uobl x16tdsg8 x1hl2dhg xggy1nq x1a2a7pz xkrqix3 x1sur9pj x1fey0fg x1s688f\" tabindex=\"0\" role=\"link\" href=\"https:\/\/www.facebook.com\/hashtag\/cuzam%C3%A12026?__eep__=6&amp;__cft__[0]=AZbaf4Y8HG6ptFNNJDCRG-GWenWxEQTKt5ZYf6yNeq_KFnvMCigxEjdVYhFHPHzMy8QcOwFcDVBwcpRJSSM4siQY6RPji9Plst-899c2OZ3Zd0tLqnex_Xh38a8Bij_OpEspoG9RGS_YbpkVzMa6sFgc9fRQrS6Y5oi8Z3U9BOrQQA&amp;__tn__=*NK-R\">#Cuzam\u00e12026<\/a><\/span>. <span class=\"html-span xexx8yu xyri2b x18d9i69 x1c1uobl x1hl2dhg x16tdsg8 x1vvkbs x3nfvp2 x1j61x8r x1fcty0u xdj266r xat24cr xm2jcoa x1mpyi22 xxymvpz xlup9mm x1kky2od\"><img loading=\"lazy\" decoding=\"async\" class=\"xz74otr x15mokao x1ga7v0g x16uus16 xbiv7yw\" src=\"https:\/\/static.xx.fbcdn.net\/images\/emoji.php\/v9\/tae\/1\/16\/1f3ad.png\" alt=\"\ud83c\udfad\" width=\"16\" height=\"16\" \/><\/span><span class=\"html-span xexx8yu xyri2b x18d9i69 x1c1uobl x1hl2dhg x16tdsg8 x1vvkbs x3nfvp2 x1j61x8r x1fcty0u xdj266r xat24cr xm2jcoa x1mpyi22 xxymvpz xlup9mm x1kky2od\"><img loading=\"lazy\" decoding=\"async\" class=\"xz74otr x15mokao x1ga7v0g x16uus16 xbiv7yw\" src=\"https:\/\/static.xx.fbcdn.net\/images\/emoji.php\/v9\/td2\/1\/16\/1f57a_1f3fb.png\" alt=\"\ud83d\udd7a\ud83c\udffb\" width=\"16\" height=\"16\" \/><\/span><\/div>\n<div dir=\"auto\">Oficialmente Tenemos Reyes del Carnaval<\/div>\n<div dir=\"auto\"><span class=\"html-span xexx8yu xyri2b x18d9i69 x1c1uobl x1hl2dhg x16tdsg8 x1vvkbs x3nfvp2 x1j61x8r x1fcty0u xdj266r xat24cr xm2jcoa x1mpyi22 xxymvpz xlup9mm x1kky2od\"><img loading=\"lazy\" decoding=\"async\" class=\"xz74otr x15mokao x1ga7v0g x16uus16 xbiv7yw\" src=\"https:\/\/static.xx.fbcdn.net\/images\/emoji.php\/v9\/tf4\/1\/16\/2728.png\" alt=\"\u2728\" width=\"16\" height=\"16\" \/><\/span> NATI I &amp; ENRIQUE I <span class=\"html-span xexx8yu xyri2b x18d9i69 x1c1uobl x1hl2dhg x16tdsg8 x1vvkbs x3nfvp2 x1j61x8r x1fcty0u xdj266r xat24cr xm2jcoa x1mpyi22 xxymvpz xlup9mm x1kky2od\"><img loading=\"lazy\" decoding=\"async\" class=\"xz74otr x15mokao x1ga7v0g x16uus16 xbiv7yw\" src=\"https:\/\/static.xx.fbcdn.net\/images\/emoji.php\/v9\/tf4\/1\/16\/2728.png\" alt=\"\u2728\" width=\"16\" height=\"16\" \/><\/span><\/div>\n<div dir=\"auto\">Agradezco enormemente a las autoridades educativas, padres y madres de familia, pero sobre todo a los ni\u00f1os y j\u00f3venes que nos regalaron un gran espect\u00e1culo.<\/div>\n","protected":false},"excerpt":{"rendered":"<p>Con las familias reunidas, sonriendo y disfrutando en grande celebramos la Coronaci\u00f3n de los Reyes del Carnaval Circus Cuzam\u00e1 2026. Este momento se llen\u00f3 de alegr\u00eda, m\u00fasica y color, este acto marca una de las noches m\u00e1s especiales del Carnaval de #Cuzam\u00e12026. Oficialmente Tenemos Reyes del Carnaval NATI I &amp; ENRIQUE I Agradezco enormemente a [&hellip;]<\/p>\n","protected":false},"author":1,"featured_media":1437,"comment_status":"closed","ping_status":"open","sticky":false,"template":"","format":"standard","meta":{"footnotes":""},"categories":[11],"tags":[],"class_list":["post-1436","post","type-post","status-publish","format-standard","has-post-thumbnail","hentry","category-cultura"],"_links":{"self":[{"href":"https:\/\/cuzama.gob.mx\/index.php\/wp-json\/wp\/v2\/posts\/1436","targetHints":{"allow":["GET"]}}],"collection":[{"href":"https:\/\/cuzama.gob.mx\/index.php\/wp-json\/wp\/v2\/posts"}],"about":[{"href":"https:\/\/cuzama.gob.mx\/index.php\/wp-json\/wp\/v2\/types\/post"}],"author":[{"embeddable":true,"href":"https:\/\/cuzama.gob.mx\/index.php\/wp-json\/wp\/v2\/users\/1"}],"replies":[{"embeddable":true,"href":"https:\/\/cuzama.gob.mx\/index.php\/wp-json\/wp\/v2\/comments?post=1436"}],"version-history":[{"count":1,"href":"https:\/\/cuzama.gob.mx\/index.php\/wp-json\/wp\/v2\/posts\/1436\/revisions"}],"predecessor-version":[{"id":1443,"href":"https:\/\/cuzama.gob.mx\/index.php\/wp-json\/wp\/v2\/posts\/1436\/revisions\/1443"}],"wp:featuredmedia":[{"embeddable":true,"href":"https:\/\/cuzama.gob.mx\/index.php\/wp-json\/wp\/v2\/media\/1437"}],"wp:attachment":[{"href":"https:\/\/cuzama.gob.mx\/index.php\/wp-json\/wp\/v2\/media?parent=1436"}],"wp:term":[{"taxonomy":"category","embeddable":true,"href":"https:\/\/cuzama.gob.mx\/index.php\/wp-json\/wp\/v2\/categories?post=1436"},{"taxonomy":"post_tag","embeddable":true,"href":"https:\/\/cuzama.gob.mx\/index.php\/wp-json\/wp\/v2\/tags?post=1436"}],"curies":[{"name":"wp","href":"https:\/\/api.w.org\/{rel}","templated":true}]}}